{"id":1375,"date":"2022-09-20T15:02:33","date_gmt":"2022-09-20T19:02:33","guid":{"rendered":"https:\/\/ensembleconcerts.com\/en\/?p=1375"},"modified":"2022-09-20T15:02:34","modified_gmt":"2022-09-20T19:02:34","slug":"bibi-club-en-1ere-partie-de-pomme","status":"publish","type":"post","link":"https:\/\/ensembleconcerts.com\/en\/bibi-club-en-1ere-partie-de-pomme\/","title":{"rendered":"Bibi Club en 1\u00e8re partie de POMME !"},"content":{"rendered":"\n<p>Retrouvez Bibi Club en ouverture de Pomme le 21 d\u00e9cembre au M TELUS.<\/p>\n","protected":false},"excerpt":{"rendered":"Retrouvez Bibi Club en ouverture de Pomme le 21 d\u00e9cembre au M TELUS.","protected":false},"author":2,"featured_media":1376,"comment_status":"open","ping_status":"open","sticky":false,"template":"","format":"standard","meta":{"_acf_changed":false,"footnotes":""},"categories":[1],"tags":[],"class_list":["post-1375","post","type-post","status-publish","format-standard","has-post-thumbnail","hentry","category-uncategorized"],"acf":[],"yoast_head":"<!-- This site is optimized with the Yoast SEO plugin v27.5 - https:\/\/yoast.com\/product\/yoast-seo-wordpress\/ -->\n<title>Bibi Club en 1\u00e8re partie de POMME ! - Ensemble Concerts<\/title>\n<meta name=\"robots\" content=\"index, follow, max-snippet:-1, max-image-preview:large, max-video-preview:-1\" \/>\n<link rel=\"canonical\" href=\"https:\/\/ensembleconcerts.com\/en\/bibi-club-en-1ere-partie-de-pomme\/\" \/>\n<meta property=\"og:locale\" content=\"en_US\" \/>\n<meta property=\"og:type\" content=\"article\" \/>\n<meta property=\"og:title\" content=\"Bibi Club en 1\u00e8re partie de POMME ! - Ensemble Concerts\" \/>\n<meta property=\"og:description\" content=\"Retrouvez Bibi Club en ouverture de Pomme le 21 d\u00e9cembre au M TELUS.\" \/>\n<meta property=\"og:url\" content=\"https:\/\/ensembleconcerts.com\/en\/bibi-club-en-1ere-partie-de-pomme\/\" \/>\n<meta property=\"og:site_name\" content=\"Ensemble Concerts\" \/>\n<meta property=\"article:publisher\" content=\"https:\/\/www.facebook.com\/ensembleconcerts\" \/>\n<meta property=\"article:published_time\" content=\"2022-09-20T19:02:33+00:00\" \/>\n<meta property=\"article:modified_time\" content=\"2022-09-20T19:02:34+00:00\" \/>\n<meta property=\"og:image\" content=\"https:\/\/ensembleconcerts.com\/wp-content\/uploads\/2022\/09\/pomme_mtelus_sqr-700x700.png\" \/>\n\t<meta property=\"og:image:width\" content=\"700\" \/>\n\t<meta property=\"og:image:height\" content=\"700\" \/>\n\t<meta property=\"og:image:type\" content=\"image\/png\" \/>\n<meta name=\"author\" content=\"Romain\" \/>\n<meta name=\"twitter:card\" content=\"summary_large_image\" \/>\n<meta name=\"twitter:creator\" content=\"@ensemble_cnsrts\" \/>\n<meta name=\"twitter:site\" content=\"@ensemble_cnsrts\" \/>\n<meta name=\"twitter:label1\" content=\"Written by\" \/>\n\t<meta name=\"twitter:data1\" content=\"Romain\" \/>\n\t<meta name=\"twitter:label2\" content=\"Est. reading time\" \/>\n\t<meta name=\"twitter:data2\" content=\"1 minute\" \/>\n<script type=\"application\/ld+json\" class=\"yoast-schema-graph\">{\"@context\":\"https:\\\/\\\/schema.org\",\"@graph\":[{\"@type\":\"Article\",\"@id\":\"https:\\\/\\\/ensembleconcerts.com\\\/en\\\/bibi-club-en-1ere-partie-de-pomme\\\/#article\",\"isPartOf\":{\"@id\":\"https:\\\/\\\/ensembleconcerts.com\\\/en\\\/bibi-club-en-1ere-partie-de-pomme\\\/\"},\"author\":{\"name\":\"Romain\",\"@id\":\"https:\\\/\\\/ensembleconcerts.com\\\/en\\\/#\\\/schema\\\/person\\\/38647e2dda60f82bd92f5ed44d50616e\"},\"headline\":\"Bibi Club en 1\u00e8re partie de POMME !\",\"datePublished\":\"2022-09-20T19:02:33+00:00\",\"dateModified\":\"2022-09-20T19:02:34+00:00\",\"mainEntityOfPage\":{\"@id\":\"https:\\\/\\\/ensembleconcerts.com\\\/en\\\/bibi-club-en-1ere-partie-de-pomme\\\/\"},\"wordCount\":20,\"commentCount\":0,\"publisher\":{\"@id\":\"https:\\\/\\\/ensembleconcerts.com\\\/en\\\/#organization\"},\"image\":{\"@id\":\"https:\\\/\\\/ensembleconcerts.com\\\/en\\\/bibi-club-en-1ere-partie-de-pomme\\\/#primaryimage\"},\"thumbnailUrl\":\"https:\\\/\\\/ensembleconcerts.com\\\/wp-content\\\/uploads\\\/2022\\\/09\\\/pomme_mtelus_sqr.png\",\"inLanguage\":\"en-CA\",\"potentialAction\":[{\"@type\":\"CommentAction\",\"name\":\"Comment\",\"target\":[\"https:\\\/\\\/ensembleconcerts.com\\\/en\\\/bibi-club-en-1ere-partie-de-pomme\\\/#respond\"]}]},{\"@type\":\"WebPage\",\"@id\":\"https:\\\/\\\/ensembleconcerts.com\\\/en\\\/bibi-club-en-1ere-partie-de-pomme\\\/\",\"url\":\"https:\\\/\\\/ensembleconcerts.com\\\/en\\\/bibi-club-en-1ere-partie-de-pomme\\\/\",\"name\":\"Bibi Club en 1\u00e8re partie de POMME ! - Ensemble Concerts\",\"isPartOf\":{\"@id\":\"https:\\\/\\\/ensembleconcerts.com\\\/en\\\/#website\"},\"primaryImageOfPage\":{\"@id\":\"https:\\\/\\\/ensembleconcerts.com\\\/en\\\/bibi-club-en-1ere-partie-de-pomme\\\/#primaryimage\"},\"image\":{\"@id\":\"https:\\\/\\\/ensembleconcerts.com\\\/en\\\/bibi-club-en-1ere-partie-de-pomme\\\/#primaryimage\"},\"thumbnailUrl\":\"https:\\\/\\\/ensembleconcerts.com\\\/wp-content\\\/uploads\\\/2022\\\/09\\\/pomme_mtelus_sqr.png\",\"datePublished\":\"2022-09-20T19:02:33+00:00\",\"dateModified\":\"2022-09-20T19:02:34+00:00\",\"breadcrumb\":{\"@id\":\"https:\\\/\\\/ensembleconcerts.com\\\/en\\\/bibi-club-en-1ere-partie-de-pomme\\\/#breadcrumb\"},\"inLanguage\":\"en-CA\",\"potentialAction\":[{\"@type\":\"ReadAction\",\"target\":[\"https:\\\/\\\/ensembleconcerts.com\\\/en\\\/bibi-club-en-1ere-partie-de-pomme\\\/\"]}]},{\"@type\":\"ImageObject\",\"inLanguage\":\"en-CA\",\"@id\":\"https:\\\/\\\/ensembleconcerts.com\\\/en\\\/bibi-club-en-1ere-partie-de-pomme\\\/#primaryimage\",\"url\":\"https:\\\/\\\/ensembleconcerts.com\\\/wp-content\\\/uploads\\\/2022\\\/09\\\/pomme_mtelus_sqr.png\",\"contentUrl\":\"https:\\\/\\\/ensembleconcerts.com\\\/wp-content\\\/uploads\\\/2022\\\/09\\\/pomme_mtelus_sqr.png\",\"width\":1920,\"height\":1920},{\"@type\":\"BreadcrumbList\",\"@id\":\"https:\\\/\\\/ensembleconcerts.com\\\/en\\\/bibi-club-en-1ere-partie-de-pomme\\\/#breadcrumb\",\"itemListElement\":[{\"@type\":\"ListItem\",\"position\":1,\"name\":\"Home\",\"item\":\"https:\\\/\\\/ensembleconcerts.com\\\/en\\\/\"},{\"@type\":\"ListItem\",\"position\":2,\"name\":\"Bibi Club en 1\u00e8re partie de POMME !\"}]},{\"@type\":\"WebSite\",\"@id\":\"https:\\\/\\\/ensembleconcerts.com\\\/en\\\/#website\",\"url\":\"https:\\\/\\\/ensembleconcerts.com\\\/en\\\/\",\"name\":\"Ensemble Concerts\",\"description\":\"A boutique talent agency based out of Montreal - Agence de booking bas\u00e9e \u00e0 Montr\u00e9al\",\"publisher\":{\"@id\":\"https:\\\/\\\/ensembleconcerts.com\\\/en\\\/#organization\"},\"potentialAction\":[{\"@type\":\"SearchAction\",\"target\":{\"@type\":\"EntryPoint\",\"urlTemplate\":\"https:\\\/\\\/ensembleconcerts.com\\\/en\\\/?s={search_term_string}\"},\"query-input\":{\"@type\":\"PropertyValueSpecification\",\"valueRequired\":true,\"valueName\":\"search_term_string\"}}],\"inLanguage\":\"en-CA\"},{\"@type\":\"Organization\",\"@id\":\"https:\\\/\\\/ensembleconcerts.com\\\/en\\\/#organization\",\"name\":\"Ensemble Concerts\",\"url\":\"https:\\\/\\\/ensembleconcerts.com\\\/en\\\/\",\"logo\":{\"@type\":\"ImageObject\",\"inLanguage\":\"en-CA\",\"@id\":\"https:\\\/\\\/ensembleconcerts.com\\\/en\\\/#\\\/schema\\\/logo\\\/image\\\/\",\"url\":\"https:\\\/\\\/ensembleconcerts.com\\\/wp-content\\\/uploads\\\/2021\\\/03\\\/logo-ensemble-concert-rond-noir-fb.png\",\"contentUrl\":\"https:\\\/\\\/ensembleconcerts.com\\\/wp-content\\\/uploads\\\/2021\\\/03\\\/logo-ensemble-concert-rond-noir-fb.png\",\"width\":600,\"height\":588,\"caption\":\"Ensemble Concerts\"},\"image\":{\"@id\":\"https:\\\/\\\/ensembleconcerts.com\\\/en\\\/#\\\/schema\\\/logo\\\/image\\\/\"},\"sameAs\":[\"https:\\\/\\\/www.facebook.com\\\/ensembleconcerts\",\"https:\\\/\\\/x.com\\\/ensemble_cnsrts\"]},{\"@type\":\"Person\",\"@id\":\"https:\\\/\\\/ensembleconcerts.com\\\/en\\\/#\\\/schema\\\/person\\\/38647e2dda60f82bd92f5ed44d50616e\",\"name\":\"Romain\",\"image\":{\"@type\":\"ImageObject\",\"inLanguage\":\"en-CA\",\"@id\":\"https:\\\/\\\/secure.gravatar.com\\\/avatar\\\/901eac3085d6b0b68f34907861c34afc36ea05fc74653305b606aefbb177be44?s=96&d=mm&r=g\",\"url\":\"https:\\\/\\\/secure.gravatar.com\\\/avatar\\\/901eac3085d6b0b68f34907861c34afc36ea05fc74653305b606aefbb177be44?s=96&d=mm&r=g\",\"contentUrl\":\"https:\\\/\\\/secure.gravatar.com\\\/avatar\\\/901eac3085d6b0b68f34907861c34afc36ea05fc74653305b606aefbb177be44?s=96&d=mm&r=g\",\"caption\":\"Romain\"}}]}<\/script>\n<!-- \/ Yoast SEO plugin. -->","yoast_head_json":{"title":"Bibi Club en 1\u00e8re partie de POMME ! - Ensemble Concerts","robots":{"index":"index","follow":"follow","max-snippet":"max-snippet:-1","max-image-preview":"max-image-preview:large","max-video-preview":"max-video-preview:-1"},"canonical":"https:\/\/ensembleconcerts.com\/en\/bibi-club-en-1ere-partie-de-pomme\/","og_locale":"en_US","og_type":"article","og_title":"Bibi Club en 1\u00e8re partie de POMME ! - Ensemble Concerts","og_description":"Retrouvez Bibi Club en ouverture de Pomme le 21 d\u00e9cembre au M TELUS.","og_url":"https:\/\/ensembleconcerts.com\/en\/bibi-club-en-1ere-partie-de-pomme\/","og_site_name":"Ensemble Concerts","article_publisher":"https:\/\/www.facebook.com\/ensembleconcerts","article_published_time":"2022-09-20T19:02:33+00:00","article_modified_time":"2022-09-20T19:02:34+00:00","og_image":[{"width":700,"height":700,"url":"https:\/\/ensembleconcerts.com\/wp-content\/uploads\/2022\/09\/pomme_mtelus_sqr-700x700.png","type":"image\/png"}],"author":"Romain","twitter_card":"summary_large_image","twitter_creator":"@ensemble_cnsrts","twitter_site":"@ensemble_cnsrts","twitter_misc":{"Written by":"Romain","Est. reading time":"1 minute"},"schema":{"@context":"https:\/\/schema.org","@graph":[{"@type":"Article","@id":"https:\/\/ensembleconcerts.com\/en\/bibi-club-en-1ere-partie-de-pomme\/#article","isPartOf":{"@id":"https:\/\/ensembleconcerts.com\/en\/bibi-club-en-1ere-partie-de-pomme\/"},"author":{"name":"Romain","@id":"https:\/\/ensembleconcerts.com\/en\/#\/schema\/person\/38647e2dda60f82bd92f5ed44d50616e"},"headline":"Bibi Club en 1\u00e8re partie de POMME !","datePublished":"2022-09-20T19:02:33+00:00","dateModified":"2022-09-20T19:02:34+00:00","mainEntityOfPage":{"@id":"https:\/\/ensembleconcerts.com\/en\/bibi-club-en-1ere-partie-de-pomme\/"},"wordCount":20,"commentCount":0,"publisher":{"@id":"https:\/\/ensembleconcerts.com\/en\/#organization"},"image":{"@id":"https:\/\/ensembleconcerts.com\/en\/bibi-club-en-1ere-partie-de-pomme\/#primaryimage"},"thumbnailUrl":"https:\/\/ensembleconcerts.com\/wp-content\/uploads\/2022\/09\/pomme_mtelus_sqr.png","inLanguage":"en-CA","potentialAction":[{"@type":"CommentAction","name":"Comment","target":["https:\/\/ensembleconcerts.com\/en\/bibi-club-en-1ere-partie-de-pomme\/#respond"]}]},{"@type":"WebPage","@id":"https:\/\/ensembleconcerts.com\/en\/bibi-club-en-1ere-partie-de-pomme\/","url":"https:\/\/ensembleconcerts.com\/en\/bibi-club-en-1ere-partie-de-pomme\/","name":"Bibi Club en 1\u00e8re partie de POMME ! - Ensemble Concerts","isPartOf":{"@id":"https:\/\/ensembleconcerts.com\/en\/#website"},"primaryImageOfPage":{"@id":"https:\/\/ensembleconcerts.com\/en\/bibi-club-en-1ere-partie-de-pomme\/#primaryimage"},"image":{"@id":"https:\/\/ensembleconcerts.com\/en\/bibi-club-en-1ere-partie-de-pomme\/#primaryimage"},"thumbnailUrl":"https:\/\/ensembleconcerts.com\/wp-content\/uploads\/2022\/09\/pomme_mtelus_sqr.png","datePublished":"2022-09-20T19:02:33+00:00","dateModified":"2022-09-20T19:02:34+00:00","breadcrumb":{"@id":"https:\/\/ensembleconcerts.com\/en\/bibi-club-en-1ere-partie-de-pomme\/#breadcrumb"},"inLanguage":"en-CA","potentialAction":[{"@type":"ReadAction","target":["https:\/\/ensembleconcerts.com\/en\/bibi-club-en-1ere-partie-de-pomme\/"]}]},{"@type":"ImageObject","inLanguage":"en-CA","@id":"https:\/\/ensembleconcerts.com\/en\/bibi-club-en-1ere-partie-de-pomme\/#primaryimage","url":"https:\/\/ensembleconcerts.com\/wp-content\/uploads\/2022\/09\/pomme_mtelus_sqr.png","contentUrl":"https:\/\/ensembleconcerts.com\/wp-content\/uploads\/2022\/09\/pomme_mtelus_sqr.png","width":1920,"height":1920},{"@type":"BreadcrumbList","@id":"https:\/\/ensembleconcerts.com\/en\/bibi-club-en-1ere-partie-de-pomme\/#breadcrumb","itemListElement":[{"@type":"ListItem","position":1,"name":"Home","item":"https:\/\/ensembleconcerts.com\/en\/"},{"@type":"ListItem","position":2,"name":"Bibi Club en 1\u00e8re partie de POMME !"}]},{"@type":"WebSite","@id":"https:\/\/ensembleconcerts.com\/en\/#website","url":"https:\/\/ensembleconcerts.com\/en\/","name":"Ensemble Concerts","description":"A boutique talent agency based out of Montreal - Agence de booking bas\u00e9e \u00e0 Montr\u00e9al","publisher":{"@id":"https:\/\/ensembleconcerts.com\/en\/#organization"},"potentialAction":[{"@type":"SearchAction","target":{"@type":"EntryPoint","urlTemplate":"https:\/\/ensembleconcerts.com\/en\/?s={search_term_string}"},"query-input":{"@type":"PropertyValueSpecification","valueRequired":true,"valueName":"search_term_string"}}],"inLanguage":"en-CA"},{"@type":"Organization","@id":"https:\/\/ensembleconcerts.com\/en\/#organization","name":"Ensemble Concerts","url":"https:\/\/ensembleconcerts.com\/en\/","logo":{"@type":"ImageObject","inLanguage":"en-CA","@id":"https:\/\/ensembleconcerts.com\/en\/#\/schema\/logo\/image\/","url":"https:\/\/ensembleconcerts.com\/wp-content\/uploads\/2021\/03\/logo-ensemble-concert-rond-noir-fb.png","contentUrl":"https:\/\/ensembleconcerts.com\/wp-content\/uploads\/2021\/03\/logo-ensemble-concert-rond-noir-fb.png","width":600,"height":588,"caption":"Ensemble Concerts"},"image":{"@id":"https:\/\/ensembleconcerts.com\/en\/#\/schema\/logo\/image\/"},"sameAs":["https:\/\/www.facebook.com\/ensembleconcerts","https:\/\/x.com\/ensemble_cnsrts"]},{"@type":"Person","@id":"https:\/\/ensembleconcerts.com\/en\/#\/schema\/person\/38647e2dda60f82bd92f5ed44d50616e","name":"Romain","image":{"@type":"ImageObject","inLanguage":"en-CA","@id":"https:\/\/secure.gravatar.com\/avatar\/901eac3085d6b0b68f34907861c34afc36ea05fc74653305b606aefbb177be44?s=96&d=mm&r=g","url":"https:\/\/secure.gravatar.com\/avatar\/901eac3085d6b0b68f34907861c34afc36ea05fc74653305b606aefbb177be44?s=96&d=mm&r=g","contentUrl":"https:\/\/secure.gravatar.com\/avatar\/901eac3085d6b0b68f34907861c34afc36ea05fc74653305b606aefbb177be44?s=96&d=mm&r=g","caption":"Romain"}}]}},"_links":{"self":[{"href":"https:\/\/ensembleconcerts.com\/en\/wp-json\/wp\/v2\/posts\/1375","targetHints":{"allow":["GET"]}}],"collection":[{"href":"https:\/\/ensembleconcerts.com\/en\/wp-json\/wp\/v2\/posts"}],"about":[{"href":"https:\/\/ensembleconcerts.com\/en\/wp-json\/wp\/v2\/types\/post"}],"author":[{"embeddable":true,"href":"https:\/\/ensembleconcerts.com\/en\/wp-json\/wp\/v2\/users\/2"}],"replies":[{"embeddable":true,"href":"https:\/\/ensembleconcerts.com\/en\/wp-json\/wp\/v2\/comments?post=1375"}],"version-history":[{"count":2,"href":"https:\/\/ensembleconcerts.com\/en\/wp-json\/wp\/v2\/posts\/1375\/revisions"}],"predecessor-version":[{"id":1379,"href":"https:\/\/ensembleconcerts.com\/en\/wp-json\/wp\/v2\/posts\/1375\/revisions\/1379"}],"wp:featuredmedia":[{"embeddable":true,"href":"https:\/\/ensembleconcerts.com\/en\/wp-json\/wp\/v2\/media\/1376"}],"wp:attachment":[{"href":"https:\/\/ensembleconcerts.com\/en\/wp-json\/wp\/v2\/media?parent=1375"}],"wp:term":[{"taxonomy":"category","embeddable":true,"href":"https:\/\/ensembleconcerts.com\/en\/wp-json\/wp\/v2\/categories?post=1375"},{"taxonomy":"post_tag","embeddable":true,"href":"https:\/\/ensembleconcerts.com\/en\/wp-json\/wp\/v2\/tags?post=1375"}],"curies":[{"name":"wp","href":"https:\/\/api.w.org\/{rel}","templated":true}]}}